{"id":4336,"date":"2026-03-13T11:47:20","date_gmt":"2026-03-13T10:47:20","guid":{"rendered":"https:\/\/www.policeboraine.be\/Police-Boraine\/?p=4336"},"modified":"2026-03-13T11:47:20","modified_gmt":"2026-03-13T10:47:20","slug":"communique-de-presse-parquet-de-mons-zp-boraine-trois-interpellations-liees-a-plusieurs-vols-de-cables","status":"publish","type":"post","link":"https:\/\/www.policeboraine.be\/Police-Boraine\/2026\/03\/13\/communique-de-presse-parquet-de-mons-zp-boraine-trois-interpellations-liees-a-plusieurs-vols-de-cables\/","title":{"rendered":"Communiqu\u00e9 de presse \u2013 Parquet de Mons &amp; ZP Boraine \u2013 Trois interpellations li\u00e9es \u00e0 plusieurs vols de c\u00e2bles"},"content":{"rendered":"\n\n\n<p class=\"x_MsoNormal\"><b><span data-olk-copy-source=\"MessageBody\">En mai 2025<\/span><\/b>, un important vol de c\u00e2bles a \u00e9t\u00e9 commis au sein d\u2019une entreprise, situ\u00e9e \u00e0 Frameries. Les auteurs des faits ont \u00e9galement d\u00e9rob\u00e9 une remorque pr\u00e9sente sur le site afin de transporter le mat\u00e9riel vol\u00e9. Le pr\u00e9judice est estim\u00e9 \u00e0 environ 115 000 euros.<\/p>\n<p class=\"x_MsoNormal\">Les policiers du Bureau d\u2019Investigation Judiciaire (BIJ) de notre Zone de Police ont men\u00e9 un travail d\u2019investigation approfondi, notamment en recoupant de nombreuses informations. Ces investigations ont permis d\u2019identifier des suspects et de mettre en \u00e9vidence de potentiels liens avec d\u2019autres vols commis dans plusieurs entreprises de la r\u00e9gion, ainsi qu\u2019avec l\u2019incendie volontaire d\u2019un lidar install\u00e9 \u00e0 Mons.<\/p>\n<p class=\"x_MsoNormal\"><b>Le mardi 03\/02\/2026<\/b>, sur base des \u00e9l\u00e9ments rassembl\u00e9s, la Juge d\u2019Instruction en charge du dossier a ordonn\u00e9 trois perquisitions men\u00e9es \u00e0 Ghlin, Mons et Havr\u00e9. Lors de ces op\u00e9rations, trois personnes ont \u00e9t\u00e9 priv\u00e9es de libert\u00e9. L\u2019une a \u00e9t\u00e9 remise en libert\u00e9, une autre a \u00e9t\u00e9 pr\u00e9sent\u00e9e \u00e0 la juge d\u2019instruction avant d\u2019\u00eatre lib\u00e9r\u00e9e sous conditions, et la derni\u00e8re a \u00e9t\u00e9 plac\u00e9e sous mandat d\u2019arr\u00eat.<\/p>\n<p class=\"x_MsoNormal\">Le dossier est toujours \u00e0 l\u2019instruction et plusieurs devoirs compl\u00e9mentaires doivent encore \u00eatre r\u00e9alis\u00e9s.<\/p>\n<p class=\"x_MsoNormal\">\u00a0<\/p>\n","protected":false},"excerpt":{"rendered":"<p>En mai 2025, un important vol de c\u00e2bles a \u00e9t\u00e9 commis au sein d\u2019une entreprise, situ\u00e9e \u00e0 Frameries. Les auteurs des faits ont \u00e9galement d\u00e9rob\u00e9 une remorque pr\u00e9sente sur le site afin de transporter le mat\u00e9riel vol\u00e9. Le pr\u00e9judice est&#8230; <a class = \"more-link\" href=\"https:\/\/www.policeboraine.be\/Police-Boraine\/2026\/03\/13\/communique-de-presse-parquet-de-mons-zp-boraine-trois-interpellations-liees-a-plusieurs-vols-de-cables\/\">Lire la suite<\/a><\/p>\n","protected":false},"author":12,"featured_media":4339,"comment_status":"open","ping_status":"open","sticky":false,"template":"","format":"standard","meta":{"_uag_custom_page_level_css":"","_monsterinsights_skip_tracking":false,"_monsterinsights_sitenote_active":false,"_monsterinsights_sitenote_note":"","_monsterinsights_sitenote_category":0,"footnotes":""},"categories":[2],"tags":[228,265,67],"class_list":["post-4336","post","type-post","status-publish","format-standard","has-post-thumbnail","hentry","category-article","tag-interpellation","tag-vol-de-cables","tag-zone-de-police-boraine"],"uagb_featured_image_src":{"full":["https:\/\/www.policeboraine.be\/Police-Boraine\/wp-content\/uploads\/2026\/03\/Communique-de-presse-\u2013-Parquet-de-Mons-ZP-Boraine-Couverture-Facebook.png",851,315,false],"thumbnail":["https:\/\/www.policeboraine.be\/Police-Boraine\/wp-content\/uploads\/2026\/03\/Communique-de-presse-\u2013-Parquet-de-Mons-ZP-Boraine-Couverture-Facebook-150x150.png",150,150,true],"medium":["https:\/\/www.policeboraine.be\/Police-Boraine\/wp-content\/uploads\/2026\/03\/Communique-de-presse-\u2013-Parquet-de-Mons-ZP-Boraine-Couverture-Facebook-300x111.png",300,111,true],"medium_large":["https:\/\/www.policeboraine.be\/Police-Boraine\/wp-content\/uploads\/2026\/03\/Communique-de-presse-\u2013-Parquet-de-Mons-ZP-Boraine-Couverture-Facebook-768x284.png",768,284,true],"large":["https:\/\/www.policeboraine.be\/Police-Boraine\/wp-content\/uploads\/2026\/03\/Communique-de-presse-\u2013-Parquet-de-Mons-ZP-Boraine-Couverture-Facebook.png",851,315,false],"1536x1536":["https:\/\/www.policeboraine.be\/Police-Boraine\/wp-content\/uploads\/2026\/03\/Communique-de-presse-\u2013-Parquet-de-Mons-ZP-Boraine-Couverture-Facebook.png",851,315,false],"2048x2048":["https:\/\/www.policeboraine.be\/Police-Boraine\/wp-content\/uploads\/2026\/03\/Communique-de-presse-\u2013-Parquet-de-Mons-ZP-Boraine-Couverture-Facebook.png",851,315,false]},"uagb_author_info":{"display_name":"Service communication","author_link":"https:\/\/www.policeboraine.be\/Police-Boraine\/author\/communication\/"},"uagb_comment_info":0,"uagb_excerpt":"En mai 2025, un important vol de c\u00e2bles a \u00e9t\u00e9 commis au sein d\u2019une entreprise, situ\u00e9e \u00e0 Frameries. Les auteurs des faits ont \u00e9galement d\u00e9rob\u00e9 une remorque pr\u00e9sente sur le site afin de transporter le mat\u00e9riel vol\u00e9. Le pr\u00e9judice est... Lire la suite","_links":{"self":[{"href":"https:\/\/www.policeboraine.be\/Police-Boraine\/wp-json\/wp\/v2\/posts\/4336","targetHints":{"allow":["GET"]}}],"collection":[{"href":"https:\/\/www.policeboraine.be\/Police-Boraine\/wp-json\/wp\/v2\/posts"}],"about":[{"href":"https:\/\/www.policeboraine.be\/Police-Boraine\/wp-json\/wp\/v2\/types\/post"}],"author":[{"embeddable":true,"href":"https:\/\/www.policeboraine.be\/Police-Boraine\/wp-json\/wp\/v2\/users\/12"}],"replies":[{"embeddable":true,"href":"https:\/\/www.policeboraine.be\/Police-Boraine\/wp-json\/wp\/v2\/comments?post=4336"}],"version-history":[{"count":1,"href":"https:\/\/www.policeboraine.be\/Police-Boraine\/wp-json\/wp\/v2\/posts\/4336\/revisions"}],"predecessor-version":[{"id":4338,"href":"https:\/\/www.policeboraine.be\/Police-Boraine\/wp-json\/wp\/v2\/posts\/4336\/revisions\/4338"}],"wp:featuredmedia":[{"embeddable":true,"href":"https:\/\/www.policeboraine.be\/Police-Boraine\/wp-json\/wp\/v2\/media\/4339"}],"wp:attachment":[{"href":"https:\/\/www.policeboraine.be\/Police-Boraine\/wp-json\/wp\/v2\/media?parent=4336"}],"wp:term":[{"taxonomy":"category","embeddable":true,"href":"https:\/\/www.policeboraine.be\/Police-Boraine\/wp-json\/wp\/v2\/categories?post=4336"},{"taxonomy":"post_tag","embeddable":true,"href":"https:\/\/www.policeboraine.be\/Police-Boraine\/wp-json\/wp\/v2\/tags?post=4336"}],"curies":[{"name":"wp","href":"https:\/\/api.w.org\/{rel}","templated":true}]}}